{"id":77,"date":"2013-09-23T22:14:16","date_gmt":"2013-09-23T20:14:16","guid":{"rendered":"http:\/\/ms-lahnbach.at\/blog\/?p=77"},"modified":"2013-09-23T22:14:16","modified_gmt":"2013-09-23T20:14:16","slug":"ausstellung-in-mindelheim","status":"publish","type":"post","link":"https:\/\/ms-lahnbach.at\/blog\/?p=77","title":{"rendered":"Ausstellung in Mindelheim"},"content":{"rendered":"<p>Am 19. September wurde eine Ausstellung in Mindelheim er\u00f6ffnet:<\/p>\n<p>Mit dabei: Margit Aschenwald, Jones und&#8230;.meine Person.<\/p>\n<p>Die Er\u00f6ffnung fand im Rathaus, im Gemeinderatssaal statt. Nach der Begr\u00fc\u00dfung und der Vorstellung der K\u00fcnstler blieb noch Zeit, in entspannter Atmosph\u00e4re \u00fcber Kunst, Europa und die Partnerst\u00e4dte zu plaudern.<\/p>\n<p>&nbsp;<\/p>\n<p><a href=\"http:\/\/ms-lahnbach.at\/blog\/wp-content\/uploads\/2013\/09\/DSC00765_01.jpg\"><img loading=\"lazy\" decoding=\"async\" class=\"alignnone size-medium wp-image-81\" alt=\"DSC00765_01\" src=\"http:\/\/ms-lahnbach.at\/blog\/wp-content\/uploads\/2013\/09\/DSC00765_01-300x199.jpg\" width=\"300\" height=\"199\" srcset=\"https:\/\/ms-lahnbach.at\/blog\/wp-content\/uploads\/2013\/09\/DSC00765_01-300x199.jpg 300w, https:\/\/ms-lahnbach.at\/blog\/wp-content\/uploads\/2013\/09\/DSC00765_01.jpg 350w\" sizes=\"auto, (max-width: 300px) 100vw, 300px\" \/><\/a>\u00a0<a href=\"http:\/\/ms-lahnbach.at\/blog\/wp-content\/uploads\/2013\/09\/DSC00780_01.jpg\"><img loading=\"lazy\" decoding=\"async\" class=\"alignnone size-medium wp-image-82\" alt=\"DSC00780_01\" src=\"http:\/\/ms-lahnbach.at\/blog\/wp-content\/uploads\/2013\/09\/DSC00780_01-300x199.jpg\" width=\"300\" height=\"199\" srcset=\"https:\/\/ms-lahnbach.at\/blog\/wp-content\/uploads\/2013\/09\/DSC00780_01-300x199.jpg 300w, https:\/\/ms-lahnbach.at\/blog\/wp-content\/uploads\/2013\/09\/DSC00780_01.jpg 350w\" sizes=\"auto, (max-width: 300px) 100vw, 300px\" \/><\/a><\/p>\n<p><a href=\"http:\/\/ms-lahnbach.at\/blog\/wp-content\/uploads\/2013\/09\/DSC00750_01.jpg\"><img loading=\"lazy\" decoding=\"async\" class=\"alignnone size-medium wp-image-80\" alt=\"DSC00750_01\" src=\"http:\/\/ms-lahnbach.at\/blog\/wp-content\/uploads\/2013\/09\/DSC00750_01-300x199.jpg\" width=\"300\" height=\"199\" srcset=\"https:\/\/ms-lahnbach.at\/blog\/wp-content\/uploads\/2013\/09\/DSC00750_01-300x199.jpg 300w, https:\/\/ms-lahnbach.at\/blog\/wp-content\/uploads\/2013\/09\/DSC00750_01.jpg 350w\" sizes=\"auto, (max-width: 300px) 100vw, 300px\" \/><\/a>\u00a0<a href=\"http:\/\/ms-lahnbach.at\/blog\/wp-content\/uploads\/2013\/09\/DSC00806_01.jpg\"><img loading=\"lazy\" decoding=\"async\" class=\"alignnone size-medium wp-image-84\" alt=\"DSC00806_01\" src=\"http:\/\/ms-lahnbach.at\/blog\/wp-content\/uploads\/2013\/09\/DSC00806_01-300x199.jpg\" width=\"300\" height=\"199\" srcset=\"https:\/\/ms-lahnbach.at\/blog\/wp-content\/uploads\/2013\/09\/DSC00806_01-300x199.jpg 300w, https:\/\/ms-lahnbach.at\/blog\/wp-content\/uploads\/2013\/09\/DSC00806_01.jpg 350w\" sizes=\"auto, (max-width: 300px) 100vw, 300px\" \/><\/a><\/p>\n<p><a href=\"http:\/\/ms-lahnbach.at\/blog\/wp-content\/uploads\/2013\/09\/DSC00786_01.jpg\"><img loading=\"lazy\" decoding=\"async\" class=\"alignnone size-medium wp-image-83\" alt=\"DSC00786_01\" src=\"http:\/\/ms-lahnbach.at\/blog\/wp-content\/uploads\/2013\/09\/DSC00786_01-300x199.jpg\" width=\"300\" height=\"199\" srcset=\"https:\/\/ms-lahnbach.at\/blog\/wp-content\/uploads\/2013\/09\/DSC00786_01-300x199.jpg 300w, https:\/\/ms-lahnbach.at\/blog\/wp-content\/uploads\/2013\/09\/DSC00786_01.jpg 350w\" sizes=\"auto, (max-width: 300px) 100vw, 300px\" \/><\/a>\u00a0<a href=\"http:\/\/ms-lahnbach.at\/blog\/wp-content\/uploads\/2013\/09\/D1S_1834_01.jpg\"><img loading=\"lazy\" decoding=\"async\" class=\"alignnone size-medium wp-image-78\" alt=\"D1S_1834_01\" src=\"http:\/\/ms-lahnbach.at\/blog\/wp-content\/uploads\/2013\/09\/D1S_1834_01-300x210.jpg\" width=\"300\" height=\"210\" srcset=\"https:\/\/ms-lahnbach.at\/blog\/wp-content\/uploads\/2013\/09\/D1S_1834_01-300x210.jpg 300w, https:\/\/ms-lahnbach.at\/blog\/wp-content\/uploads\/2013\/09\/D1S_1834_01.jpg 350w\" sizes=\"auto, (max-width: 300px) 100vw, 300px\" \/><\/a><\/p>\n","protected":false},"excerpt":{"rendered":"<p>Am 19. September wurde eine Ausstellung in Mindelheim er\u00f6ffnet: Mit dabei: Margit Aschenwald, Jones und&#8230;.meine&#8230;<\/p>\n","protected":false},"author":1,"featured_media":79,"comment_status":"open","ping_status":"open","sticky":false,"template":"","format":"standard","meta":{"footnotes":""},"categories":[1],"tags":[],"class_list":["post-77","post","type-post","status-publish","format-standard","has-post-thumbnail","hentry","category-allgemein"],"_links":{"self":[{"href":"https:\/\/ms-lahnbach.at\/blog\/index.php?rest_route=\/wp\/v2\/posts\/77","targetHints":{"allow":["GET"]}}],"collection":[{"href":"https:\/\/ms-lahnbach.at\/blog\/index.php?rest_route=\/wp\/v2\/posts"}],"about":[{"href":"https:\/\/ms-lahnbach.at\/blog\/index.php?rest_route=\/wp\/v2\/types\/post"}],"author":[{"embeddable":true,"href":"https:\/\/ms-lahnbach.at\/blog\/index.php?rest_route=\/wp\/v2\/users\/1"}],"replies":[{"embeddable":true,"href":"https:\/\/ms-lahnbach.at\/blog\/index.php?rest_route=%2Fwp%2Fv2%2Fcomments&post=77"}],"version-history":[{"count":1,"href":"https:\/\/ms-lahnbach.at\/blog\/index.php?rest_route=\/wp\/v2\/posts\/77\/revisions"}],"predecessor-version":[{"id":85,"href":"https:\/\/ms-lahnbach.at\/blog\/index.php?rest_route=\/wp\/v2\/posts\/77\/revisions\/85"}],"wp:featuredmedia":[{"embeddable":true,"href":"https:\/\/ms-lahnbach.at\/blog\/index.php?rest_route=\/wp\/v2\/media\/79"}],"wp:attachment":[{"href":"https:\/\/ms-lahnbach.at\/blog\/index.php?rest_route=%2Fwp%2Fv2%2Fmedia&parent=77"}],"wp:term":[{"taxonomy":"category","embeddable":true,"href":"https:\/\/ms-lahnbach.at\/blog\/index.php?rest_route=%2Fwp%2Fv2%2Fcategories&post=77"},{"taxonomy":"post_tag","embeddable":true,"href":"https:\/\/ms-lahnbach.at\/blog\/index.php?rest_route=%2Fwp%2Fv2%2Ftags&post=77"}],"curies":[{"name":"wp","href":"https:\/\/api.w.org\/{rel}","templated":true}]}}