{"id":518,"date":"2015-09-27T16:02:38","date_gmt":"2015-09-27T14:02:38","guid":{"rendered":"http:\/\/ms-lahnbach.at\/blog\/?p=518"},"modified":"2015-09-27T16:02:38","modified_gmt":"2015-09-27T14:02:38","slug":"klangspuren-eroeffnung-2015","status":"publish","type":"post","link":"https:\/\/ms-lahnbach.at\/blog\/?p=518","title":{"rendered":"Klangspuren Er\u00f6ffnung 2015"},"content":{"rendered":"<p>Im September 2015 wurde das Klangspuren Festival Schwaz er\u00f6ffnet, mit einer Ausstellung in der Galerie der Stadt Schwaz und dem Er\u00f6ffnungskonzert im Silbersaal.<\/p>\n<p><a href=\"http:\/\/ms-lahnbach.at\/blog\/wp-content\/uploads\/2015\/09\/DSC03018_01.jpg\"><img loading=\"lazy\" decoding=\"async\" class=\"alignnone size-medium wp-image-520\" src=\"http:\/\/ms-lahnbach.at\/blog\/wp-content\/uploads\/2015\/09\/DSC03018_01-300x200.jpg\" alt=\"DSC03018_01\" width=\"300\" height=\"200\" srcset=\"https:\/\/ms-lahnbach.at\/blog\/wp-content\/uploads\/2015\/09\/DSC03018_01-300x200.jpg 300w, https:\/\/ms-lahnbach.at\/blog\/wp-content\/uploads\/2015\/09\/DSC03018_01.jpg 550w\" sizes=\"auto, (max-width: 300px) 100vw, 300px\" \/><\/a> <a href=\"http:\/\/ms-lahnbach.at\/blog\/wp-content\/uploads\/2015\/09\/DSC03019_01.jpg\"><img loading=\"lazy\" decoding=\"async\" class=\"alignnone size-medium wp-image-521\" src=\"http:\/\/ms-lahnbach.at\/blog\/wp-content\/uploads\/2015\/09\/DSC03019_01-300x200.jpg\" alt=\"DSC03019_01\" width=\"300\" height=\"200\" srcset=\"https:\/\/ms-lahnbach.at\/blog\/wp-content\/uploads\/2015\/09\/DSC03019_01-300x200.jpg 300w, https:\/\/ms-lahnbach.at\/blog\/wp-content\/uploads\/2015\/09\/DSC03019_01.jpg 550w\" sizes=\"auto, (max-width: 300px) 100vw, 300px\" \/><\/a> <a href=\"http:\/\/ms-lahnbach.at\/blog\/wp-content\/uploads\/2015\/09\/DSC03020_01.jpg\"><img loading=\"lazy\" decoding=\"async\" class=\"alignnone size-medium wp-image-522\" src=\"http:\/\/ms-lahnbach.at\/blog\/wp-content\/uploads\/2015\/09\/DSC03020_01-200x300.jpg\" alt=\"DSC03020_01\" width=\"200\" height=\"300\" srcset=\"https:\/\/ms-lahnbach.at\/blog\/wp-content\/uploads\/2015\/09\/DSC03020_01-200x300.jpg 200w, https:\/\/ms-lahnbach.at\/blog\/wp-content\/uploads\/2015\/09\/DSC03020_01.jpg 367w\" sizes=\"auto, (max-width: 200px) 100vw, 200px\" \/><\/a> <a href=\"http:\/\/ms-lahnbach.at\/blog\/wp-content\/uploads\/2015\/09\/DSC03017_01.jpg\"><img loading=\"lazy\" decoding=\"async\" class=\"alignnone size-medium wp-image-519\" src=\"http:\/\/ms-lahnbach.at\/blog\/wp-content\/uploads\/2015\/09\/DSC03017_01-300x200.jpg\" alt=\"DSC03017_01\" width=\"300\" height=\"200\" srcset=\"https:\/\/ms-lahnbach.at\/blog\/wp-content\/uploads\/2015\/09\/DSC03017_01-300x200.jpg 300w, https:\/\/ms-lahnbach.at\/blog\/wp-content\/uploads\/2015\/09\/DSC03017_01.jpg 550w\" sizes=\"auto, (max-width: 300px) 100vw, 300px\" \/><\/a><\/p>\n<p>Ich durfte einige Gedanken zum Thema &#8222;Stimmungen&#8220; beitragen:<\/p>\n<p>Sehr geehrte Damen und Herren!<\/p>\n<p>Ich darf Sie ganz herzlich willkommen hei\u00dfen zum Er\u00f6ffnungskonzert der Klangspuren Schwaz!<br \/>\nEs liegt heute eine ganz besondere Stimmung in der Luft &#8211; die Stimmung des Erlebens, der Spannung.<br \/>\nStimmungen ist das Motto des diesj\u00e4hrigen Klangspuren Festivals &#8211; ein Wort das besonders in der deutschen Sprache eine ungeheure Vielfalt an Assoziationen hervorruft und das in fast allen Bereichen des Lebens.<br \/>\nDie Stimmung der Seele, die Stimmung eines Instruments, eines Bildes, eines Gedichts.<br \/>\nSogar das Weltall folgt einer Stimmung &#8211; laut der Wissenschaft ist es ein trauriges Moll.<br \/>\nDass die Stimmung dieses Musikfestivals so positiv und einnehmend ist, daf\u00fcr sorgen die Leiterin des Festivals Frau Angelika Schopper, umsichtig, verl\u00e4sslich, wohlorganisiert und ihr Generalmusikdirektor Herr Mathias Osterwold.<br \/>\nAls Wahltiroler und Schwazliebhaber mag er in Berlin wohl oft an das Klangspurenfestival gedacht und sich hierhergetr\u00e4umt haben und mit Horaz wird er sich eins sein:<br \/>\nCaelum, non animum mutant, qui trans terram currunt.<br \/>\nWer \u00fcbers Land eilt, wechselt den Ort, nicht seine Stimmung.<\/p>\n<p><a href=\"http:\/\/ms-lahnbach.at\/blog\/wp-content\/uploads\/2015\/09\/DSC03023_01.jpg\"><img loading=\"lazy\" decoding=\"async\" class=\"alignnone size-medium wp-image-523\" src=\"http:\/\/ms-lahnbach.at\/blog\/wp-content\/uploads\/2015\/09\/DSC03023_01-300x200.jpg\" alt=\"DSC03023_01\" width=\"300\" height=\"200\" srcset=\"https:\/\/ms-lahnbach.at\/blog\/wp-content\/uploads\/2015\/09\/DSC03023_01-300x200.jpg 300w, https:\/\/ms-lahnbach.at\/blog\/wp-content\/uploads\/2015\/09\/DSC03023_01.jpg 550w\" sizes=\"auto, (max-width: 300px) 100vw, 300px\" \/><\/a> <a href=\"http:\/\/ms-lahnbach.at\/blog\/wp-content\/uploads\/2015\/09\/DSC03025_01.jpg\"><img loading=\"lazy\" decoding=\"async\" class=\"alignnone size-medium wp-image-524\" src=\"http:\/\/ms-lahnbach.at\/blog\/wp-content\/uploads\/2015\/09\/DSC03025_01-300x200.jpg\" alt=\"DSC03025_01\" width=\"300\" height=\"200\" srcset=\"https:\/\/ms-lahnbach.at\/blog\/wp-content\/uploads\/2015\/09\/DSC03025_01-300x200.jpg 300w, https:\/\/ms-lahnbach.at\/blog\/wp-content\/uploads\/2015\/09\/DSC03025_01.jpg 550w\" sizes=\"auto, (max-width: 300px) 100vw, 300px\" \/><\/a><\/p>\n","protected":false},"excerpt":{"rendered":"<p>Im September 2015 wurde das Klangspuren Festival Schwaz er\u00f6ffnet, mit einer Ausstellung in der Galerie&#8230;<\/p>\n","protected":false},"author":1,"featured_media":525,"comment_status":"open","ping_status":"open","sticky":false,"template":"","format":"standard","meta":{"footnotes":""},"categories":[1],"tags":[],"class_list":["post-518","post","type-post","status-publish","format-standard","has-post-thumbnail","hentry","category-allgemein"],"_links":{"self":[{"href":"https:\/\/ms-lahnbach.at\/blog\/index.php?rest_route=\/wp\/v2\/posts\/518","targetHints":{"allow":["GET"]}}],"collection":[{"href":"https:\/\/ms-lahnbach.at\/blog\/index.php?rest_route=\/wp\/v2\/posts"}],"about":[{"href":"https:\/\/ms-lahnbach.at\/blog\/index.php?rest_route=\/wp\/v2\/types\/post"}],"author":[{"embeddable":true,"href":"https:\/\/ms-lahnbach.at\/blog\/index.php?rest_route=\/wp\/v2\/users\/1"}],"replies":[{"embeddable":true,"href":"https:\/\/ms-lahnbach.at\/blog\/index.php?rest_route=%2Fwp%2Fv2%2Fcomments&post=518"}],"version-history":[{"count":1,"href":"https:\/\/ms-lahnbach.at\/blog\/index.php?rest_route=\/wp\/v2\/posts\/518\/revisions"}],"predecessor-version":[{"id":531,"href":"https:\/\/ms-lahnbach.at\/blog\/index.php?rest_route=\/wp\/v2\/posts\/518\/revisions\/531"}],"wp:featuredmedia":[{"embeddable":true,"href":"https:\/\/ms-lahnbach.at\/blog\/index.php?rest_route=\/wp\/v2\/media\/525"}],"wp:attachment":[{"href":"https:\/\/ms-lahnbach.at\/blog\/index.php?rest_route=%2Fwp%2Fv2%2Fmedia&parent=518"}],"wp:term":[{"taxonomy":"category","embeddable":true,"href":"https:\/\/ms-lahnbach.at\/blog\/index.php?rest_route=%2Fwp%2Fv2%2Fcategories&post=518"},{"taxonomy":"post_tag","embeddable":true,"href":"https:\/\/ms-lahnbach.at\/blog\/index.php?rest_route=%2Fwp%2Fv2%2Ftags&post=518"}],"curies":[{"name":"wp","href":"https:\/\/api.w.org\/{rel}","templated":true}]}}