{"id":387,"date":"2014-11-08T13:04:46","date_gmt":"2014-11-08T11:04:46","guid":{"rendered":"http:\/\/ms-lahnbach.at\/blog\/?p=387"},"modified":"2014-11-08T13:04:46","modified_gmt":"2014-11-08T11:04:46","slug":"kulturmeile-2014","status":"publish","type":"post","link":"https:\/\/ms-lahnbach.at\/blog\/?p=387","title":{"rendered":"Kulturmeile 2014"},"content":{"rendered":"<p>Am 26. Oktober 2014 fand die Kulturmeile in der Stadt Schwaz statt. Zahlreiche Kulturinstitutionen machten dabei mit und konnten viele Besucher begr\u00fc\u00dfen.<\/p>\n<p><a href=\"http:\/\/ms-lahnbach.at\/blog\/wp-content\/uploads\/2014\/11\/DSC02302_01.jpg\"><img loading=\"lazy\" decoding=\"async\" class=\"alignnone size-medium wp-image-394\" src=\"http:\/\/ms-lahnbach.at\/blog\/wp-content\/uploads\/2014\/11\/DSC02302_01-300x200.jpg\" alt=\"DSC02302_01\" width=\"300\" height=\"200\" srcset=\"https:\/\/ms-lahnbach.at\/blog\/wp-content\/uploads\/2014\/11\/DSC02302_01-300x200.jpg 300w, https:\/\/ms-lahnbach.at\/blog\/wp-content\/uploads\/2014\/11\/DSC02302_01.jpg 550w\" sizes=\"auto, (max-width: 300px) 100vw, 300px\" \/><\/a> <a href=\"http:\/\/ms-lahnbach.at\/blog\/wp-content\/uploads\/2014\/11\/DSC02287_01.jpg\"><img loading=\"lazy\" decoding=\"async\" class=\"alignnone size-medium wp-image-390\" src=\"http:\/\/ms-lahnbach.at\/blog\/wp-content\/uploads\/2014\/11\/DSC02287_01-300x200.jpg\" alt=\"DSC02287_01\" width=\"300\" height=\"200\" srcset=\"https:\/\/ms-lahnbach.at\/blog\/wp-content\/uploads\/2014\/11\/DSC02287_01-300x200.jpg 300w, https:\/\/ms-lahnbach.at\/blog\/wp-content\/uploads\/2014\/11\/DSC02287_01.jpg 550w\" sizes=\"auto, (max-width: 300px) 100vw, 300px\" \/><\/a> <a href=\"http:\/\/ms-lahnbach.at\/blog\/wp-content\/uploads\/2014\/11\/DSC02286_01.jpg\"><img loading=\"lazy\" decoding=\"async\" class=\"alignnone size-medium wp-image-389\" src=\"http:\/\/ms-lahnbach.at\/blog\/wp-content\/uploads\/2014\/11\/DSC02286_01-300x200.jpg\" alt=\"DSC02286_01\" width=\"300\" height=\"200\" srcset=\"https:\/\/ms-lahnbach.at\/blog\/wp-content\/uploads\/2014\/11\/DSC02286_01-300x200.jpg 300w, https:\/\/ms-lahnbach.at\/blog\/wp-content\/uploads\/2014\/11\/DSC02286_01.jpg 550w\" sizes=\"auto, (max-width: 300px) 100vw, 300px\" \/><\/a> <a href=\"http:\/\/ms-lahnbach.at\/blog\/wp-content\/uploads\/2014\/11\/DSC02297_01.jpg\"><img loading=\"lazy\" decoding=\"async\" class=\"alignnone size-medium wp-image-393\" src=\"http:\/\/ms-lahnbach.at\/blog\/wp-content\/uploads\/2014\/11\/DSC02297_01-300x200.jpg\" alt=\"DSC02297_01\" width=\"300\" height=\"200\" srcset=\"https:\/\/ms-lahnbach.at\/blog\/wp-content\/uploads\/2014\/11\/DSC02297_01-300x200.jpg 300w, https:\/\/ms-lahnbach.at\/blog\/wp-content\/uploads\/2014\/11\/DSC02297_01.jpg 550w\" sizes=\"auto, (max-width: 300px) 100vw, 300px\" \/><\/a> <a href=\"http:\/\/ms-lahnbach.at\/blog\/wp-content\/uploads\/2014\/11\/DSC02283_01.jpg\"><img loading=\"lazy\" decoding=\"async\" class=\"alignnone size-medium wp-image-388\" src=\"http:\/\/ms-lahnbach.at\/blog\/wp-content\/uploads\/2014\/11\/DSC02283_01-300x200.jpg\" alt=\"DSC02283_01\" width=\"300\" height=\"200\" srcset=\"https:\/\/ms-lahnbach.at\/blog\/wp-content\/uploads\/2014\/11\/DSC02283_01-300x200.jpg 300w, https:\/\/ms-lahnbach.at\/blog\/wp-content\/uploads\/2014\/11\/DSC02283_01.jpg 550w\" sizes=\"auto, (max-width: 300px) 100vw, 300px\" \/><\/a> <a href=\"http:\/\/ms-lahnbach.at\/blog\/wp-content\/uploads\/2014\/11\/DSC02288_01.jpg\"><img loading=\"lazy\" decoding=\"async\" class=\"alignnone size-medium wp-image-391\" src=\"http:\/\/ms-lahnbach.at\/blog\/wp-content\/uploads\/2014\/11\/DSC02288_01-300x200.jpg\" alt=\"DSC02288_01\" width=\"300\" height=\"200\" srcset=\"https:\/\/ms-lahnbach.at\/blog\/wp-content\/uploads\/2014\/11\/DSC02288_01-300x200.jpg 300w, https:\/\/ms-lahnbach.at\/blog\/wp-content\/uploads\/2014\/11\/DSC02288_01.jpg 550w\" sizes=\"auto, (max-width: 300px) 100vw, 300px\" \/><\/a> <a href=\"http:\/\/ms-lahnbach.at\/blog\/wp-content\/uploads\/2014\/11\/DSC02307_01.jpg\"><img loading=\"lazy\" decoding=\"async\" class=\"alignnone size-medium wp-image-395\" src=\"http:\/\/ms-lahnbach.at\/blog\/wp-content\/uploads\/2014\/11\/DSC02307_01-300x200.jpg\" alt=\"DSC02307_01\" width=\"300\" height=\"200\" srcset=\"https:\/\/ms-lahnbach.at\/blog\/wp-content\/uploads\/2014\/11\/DSC02307_01-300x200.jpg 300w, https:\/\/ms-lahnbach.at\/blog\/wp-content\/uploads\/2014\/11\/DSC02307_01.jpg 550w\" sizes=\"auto, (max-width: 300px) 100vw, 300px\" \/><\/a><\/p>\n<p>Ein wundersch\u00f6ner Herbsttag f\u00fchrt uns hier in das Zentrum der Silberstadt.<br \/>\nAn diesem Platz treffen Vergangenheit und Gegenwart aufeinander- zum Einen erheben sich hinter uns 500 Jahre Baukultur der Pfarrkirche und zum anderen gilt es eine Kulturinstitution der Stadt zu ehren, die sich mit der aktuellen Gegenwart auseinandersetzt.<br \/>\nDie heurige Kulturmeile beginnt hier vor den Toren der Galerie der Stadt Schwaz, die vor 20 Jahren auf Initiative des Herrn B\u00fcrgermeisters, damals noch Kulturreferent, Dr. Hans Lintner gegr\u00fcndet wurde.<br \/>\nIn diesen 20 Jahren wurden unterschiedlichste Positionen zur Kunst und zur Gesellschaft gezeigt, damit erf\u00fcllte und erf\u00fcllt diese Galerie ihre eigentliche Aufgabe &#8211; ein Fenster zu sein, hinaus in die Kunstwelt, aber auch herein in die Kunststadt und die K\u00fcnstlerstadt Schwaz.<\/p>\n<p>Ein wundersch\u00f6ner Herbsttag l\u00e4sst uns in den blauen Himmel blicken.<br \/>\nUnd dort werden wir eines ganz fremden Anblicks gewahr &#8211; Der K\u00fcnstler Manuel Gorkiewicz hat auf Einladung der Galerie der Stadt Schwaz diese flatternden und im Herbstlicht schillernden Girlanden in die Franz Josef Stra\u00dfe gespannt &#8211; ein Netz, das von der Galerie ausgehend \u00fcber die historischen Fassaden gespannt &#8211; ein schillerndes, tempor\u00e4res Ornament in den Himmel zeichnet und damit einen neuen Blick auf den \u00f6ffentlichen Raum zul\u00e4sst.<\/p>\n<p>Ein wundersch\u00f6ner Herbsttag l\u00e4dt uns also heute ein, die vielen Kulturinstitutionen der Stadt zu besuchen, durch die Stadt zu flanieren, bei einer Galerie, einem Museum einem ehrw\u00fcrdigen Bauwerk halt zu machen, sich Kunst anzusehen, mit Leuten zu reden, einen Sonntag zu genie\u00dfen.<\/p>\n<p>Ein wundersch\u00f6ner Herbsttag l\u00e4sst die unz\u00e4hligen silbernen F\u00e4hnchen aber auch mit den Rot Wei\u00df Roten Fahnen um die Wette flattern- und diese Fahnen erinnern an den Nationalfeiertag, an den Staatsvertrag, an das freie \u00d6sterreich in einem multinationalen Europa.<br \/>\nEin wundersch\u00f6ner Herbsttag und eine spannende Kulturmeile soll aber auch nicht ohne ein Herbstgedicht beginnen:<\/p>\n<p>Von Friedrich Hebbel stammt das Herbstbild:<\/p>\n<p>Dies ist ein Herbsttag, wie ich keinen sah!<br \/>\nDie Luft ist still, als atmete man kaum,<br \/>\nund dennoch fallen raschelnd, fern und nah,<br \/>\ndie sch\u00f6nsten Fr\u00fcchte ab von jedem Baum.<\/p>\n<p>Oh st\u00f6rt sie nicht, die Feier der Natur!<br \/>\nDies ist die Lese, die sie selber h\u00e4lt,<br \/>\ndenn heute l\u00f6st sich von den Zweigen nur,<br \/>\nwas von dem milden Strahl der Sonne f\u00e4llt.<\/p>\n<p>Ich w\u00fcnsche allen eine wundersch\u00f6ne Kulturmeile 2014!<\/p>\n<p>Der Zapfenstreich beendete den Nationalfeiertag 2014.<\/p>\n<p><a href=\"http:\/\/ms-lahnbach.at\/blog\/wp-content\/uploads\/2014\/11\/DSC02325_01.jpg\"><img loading=\"lazy\" decoding=\"async\" class=\"alignnone size-medium wp-image-398\" src=\"http:\/\/ms-lahnbach.at\/blog\/wp-content\/uploads\/2014\/11\/DSC02325_01-200x300.jpg\" alt=\"DSC02325_01\" width=\"200\" height=\"300\" srcset=\"https:\/\/ms-lahnbach.at\/blog\/wp-content\/uploads\/2014\/11\/DSC02325_01-200x300.jpg 200w, https:\/\/ms-lahnbach.at\/blog\/wp-content\/uploads\/2014\/11\/DSC02325_01.jpg 367w\" sizes=\"auto, (max-width: 200px) 100vw, 200px\" \/><\/a> <a href=\"http:\/\/ms-lahnbach.at\/blog\/wp-content\/uploads\/2014\/11\/DSC02320_01.jpg\"><img loading=\"lazy\" decoding=\"async\" class=\"alignnone size-medium wp-image-397\" src=\"http:\/\/ms-lahnbach.at\/blog\/wp-content\/uploads\/2014\/11\/DSC02320_01-300x200.jpg\" alt=\"DSC02320_01\" width=\"300\" height=\"200\" srcset=\"https:\/\/ms-lahnbach.at\/blog\/wp-content\/uploads\/2014\/11\/DSC02320_01-300x200.jpg 300w, https:\/\/ms-lahnbach.at\/blog\/wp-content\/uploads\/2014\/11\/DSC02320_01.jpg 550w\" sizes=\"auto, (max-width: 300px) 100vw, 300px\" \/><\/a> <a href=\"http:\/\/ms-lahnbach.at\/blog\/wp-content\/uploads\/2014\/11\/DSC02318_01.jpg\"><img loading=\"lazy\" decoding=\"async\" class=\"alignnone size-medium wp-image-396\" src=\"http:\/\/ms-lahnbach.at\/blog\/wp-content\/uploads\/2014\/11\/DSC02318_01-200x300.jpg\" alt=\"DSC02318_01\" width=\"200\" height=\"300\" srcset=\"https:\/\/ms-lahnbach.at\/blog\/wp-content\/uploads\/2014\/11\/DSC02318_01-200x300.jpg 200w, https:\/\/ms-lahnbach.at\/blog\/wp-content\/uploads\/2014\/11\/DSC02318_01.jpg 367w\" sizes=\"auto, (max-width: 200px) 100vw, 200px\" \/><\/a><\/p>\n","protected":false},"excerpt":{"rendered":"<p>Am 26. Oktober 2014 fand die Kulturmeile in der Stadt Schwaz statt. Zahlreiche Kulturinstitutionen machten&#8230;<\/p>\n","protected":false},"author":1,"featured_media":392,"comment_status":"open","ping_status":"open","sticky":false,"template":"","format":"standard","meta":{"footnotes":""},"categories":[1],"tags":[],"class_list":["post-387","post","type-post","status-publish","format-standard","has-post-thumbnail","hentry","category-allgemein"],"_links":{"self":[{"href":"https:\/\/ms-lahnbach.at\/blog\/index.php?rest_route=\/wp\/v2\/posts\/387","targetHints":{"allow":["GET"]}}],"collection":[{"href":"https:\/\/ms-lahnbach.at\/blog\/index.php?rest_route=\/wp\/v2\/posts"}],"about":[{"href":"https:\/\/ms-lahnbach.at\/blog\/index.php?rest_route=\/wp\/v2\/types\/post"}],"author":[{"embeddable":true,"href":"https:\/\/ms-lahnbach.at\/blog\/index.php?rest_route=\/wp\/v2\/users\/1"}],"replies":[{"embeddable":true,"href":"https:\/\/ms-lahnbach.at\/blog\/index.php?rest_route=%2Fwp%2Fv2%2Fcomments&post=387"}],"version-history":[{"count":1,"href":"https:\/\/ms-lahnbach.at\/blog\/index.php?rest_route=\/wp\/v2\/posts\/387\/revisions"}],"predecessor-version":[{"id":399,"href":"https:\/\/ms-lahnbach.at\/blog\/index.php?rest_route=\/wp\/v2\/posts\/387\/revisions\/399"}],"wp:featuredmedia":[{"embeddable":true,"href":"https:\/\/ms-lahnbach.at\/blog\/index.php?rest_route=\/wp\/v2\/media\/392"}],"wp:attachment":[{"href":"https:\/\/ms-lahnbach.at\/blog\/index.php?rest_route=%2Fwp%2Fv2%2Fmedia&parent=387"}],"wp:term":[{"taxonomy":"category","embeddable":true,"href":"https:\/\/ms-lahnbach.at\/blog\/index.php?rest_route=%2Fwp%2Fv2%2Fcategories&post=387"},{"taxonomy":"post_tag","embeddable":true,"href":"https:\/\/ms-lahnbach.at\/blog\/index.php?rest_route=%2Fwp%2Fv2%2Ftags&post=387"}],"curies":[{"name":"wp","href":"https:\/\/api.w.org\/{rel}","templated":true}]}}