{"id":302,"date":"2014-07-08T16:05:48","date_gmt":"2014-07-08T14:05:48","guid":{"rendered":"http:\/\/ms-lahnbach.at\/blog\/?p=302"},"modified":"2014-07-08T16:05:48","modified_gmt":"2014-07-08T14:05:48","slug":"uniformen-in-schwaz","status":"publish","type":"post","link":"https:\/\/ms-lahnbach.at\/blog\/?p=302","title":{"rendered":"Uniformen in Schwaz"},"content":{"rendered":"<p>Anl\u00e4sslich der Er\u00f6ffnung der Ausstellung &#8222;Schwarz-Wei\u00df 1915-1918&#8220; lud der B\u00fcrgermeister Dr. Hans Lintner zum Empfang in den Gemeinderatssal.<\/p>\n<p><a href=\"http:\/\/ms-lahnbach.at\/blog\/wp-content\/uploads\/2014\/07\/DSC01940_01.jpg\"><img loading=\"lazy\" decoding=\"async\" class=\"alignnone size-medium wp-image-303\" alt=\"DSC01940_01\" src=\"http:\/\/ms-lahnbach.at\/blog\/wp-content\/uploads\/2014\/07\/DSC01940_01-300x200.jpg\" width=\"300\" height=\"200\" srcset=\"https:\/\/ms-lahnbach.at\/blog\/wp-content\/uploads\/2014\/07\/DSC01940_01-300x200.jpg 300w, https:\/\/ms-lahnbach.at\/blog\/wp-content\/uploads\/2014\/07\/DSC01940_01.jpg 550w\" sizes=\"auto, (max-width: 300px) 100vw, 300px\" \/><\/a> <a href=\"http:\/\/ms-lahnbach.at\/blog\/wp-content\/uploads\/2014\/07\/DSC01944_01.jpg\"><img loading=\"lazy\" decoding=\"async\" class=\"alignnone size-medium wp-image-304\" alt=\"DSC01944_01\" src=\"http:\/\/ms-lahnbach.at\/blog\/wp-content\/uploads\/2014\/07\/DSC01944_01-200x300.jpg\" width=\"200\" height=\"300\" srcset=\"https:\/\/ms-lahnbach.at\/blog\/wp-content\/uploads\/2014\/07\/DSC01944_01-200x300.jpg 200w, https:\/\/ms-lahnbach.at\/blog\/wp-content\/uploads\/2014\/07\/DSC01944_01.jpg 367w\" sizes=\"auto, (max-width: 200px) 100vw, 200px\" \/><\/a> <a href=\"http:\/\/ms-lahnbach.at\/blog\/wp-content\/uploads\/2014\/07\/DSC01945_01.jpg\"><img loading=\"lazy\" decoding=\"async\" class=\"alignnone size-medium wp-image-305\" alt=\"DSC01945_01\" src=\"http:\/\/ms-lahnbach.at\/blog\/wp-content\/uploads\/2014\/07\/DSC01945_01-300x200.jpg\" width=\"300\" height=\"200\" srcset=\"https:\/\/ms-lahnbach.at\/blog\/wp-content\/uploads\/2014\/07\/DSC01945_01-300x200.jpg 300w, https:\/\/ms-lahnbach.at\/blog\/wp-content\/uploads\/2014\/07\/DSC01945_01.jpg 550w\" sizes=\"auto, (max-width: 300px) 100vw, 300px\" \/><\/a> <a href=\"http:\/\/ms-lahnbach.at\/blog\/wp-content\/uploads\/2014\/07\/DSC01962_01.jpg\"><img loading=\"lazy\" decoding=\"async\" class=\"alignnone size-medium wp-image-307\" alt=\"DSC01962_01\" src=\"http:\/\/ms-lahnbach.at\/blog\/wp-content\/uploads\/2014\/07\/DSC01962_01-300x200.jpg\" width=\"300\" height=\"200\" srcset=\"https:\/\/ms-lahnbach.at\/blog\/wp-content\/uploads\/2014\/07\/DSC01962_01-300x200.jpg 300w, https:\/\/ms-lahnbach.at\/blog\/wp-content\/uploads\/2014\/07\/DSC01962_01.jpg 550w\" sizes=\"auto, (max-width: 300px) 100vw, 300px\" \/><\/a><\/p>\n<p>Ich durfte diese Ausstellung er\u00f6ffnen:<\/p>\n<p>Sehr geehrte Damen und Herren!<\/p>\n<p>Wie in den Medien berichtet wurde, verstarb unl\u00e4ngst der letzte, aktiv an den K\u00e4mpfen des Ersten Weltkriegs teilnehmende Veteran.<br \/>\nDamit lebt kein Erinnerungszeuge mehr, der uns von den Geschehnissen und Zust\u00e4nden der Zeit von 1914 bis 1918 berichten k\u00f6nnte.<br \/>\nDamit m\u00fcssen wir uns nun auf Bilder, Filme, Zeitungen, Briefe, Tageb\u00fccher und dinglichen Hinterlassenschaften konzentrieren.<br \/>\nEinen ganz pers\u00f6nlichen Einblick vermitteln der Erlebnisbericht und die 160 Fotografien des Schwazer Standsch\u00fctzen Ludwig Fasser. Ein ausgew\u00e4hlter Teil davon ist in dieser Ausstellung zu sehen.<br \/>\nDiese Fotografien zeigen einen Ausschnitt, ein kleines Segment dieses Krieges, der von den allermeisten st\u00fcrmisch begr\u00fc\u00dft wurde.<\/p>\n<p>Der K\u00fcnstler Franc Marc schreibt aufgew\u00fchlt von den Eindr\u00fccken:<br \/>\nIch stehe mit pochendem Herzen am Anfang der Dinge<br \/>\nUnd sogar Sigmund Freud notiert:<br \/>\nIch f\u00fchle mich zum ersten Mal seit 30 Jahren als \u00d6sterreicher und m\u00f6chte es noch einmal \u00a0\u00a0 \u00a0mit diesem wenig hoffnungsvollen Reich versuchen.<br \/>\nDer Bildhauer Wilhelm Lehmbruck hat hinter der Euphorie schon das Unheil geahnt, wenn er aus K\u00f6ln schreibt,<br \/>\nwie viele Bataillone durch die Stra\u00dfen marschierten, da sehe ich, wie aus tausenden \u00a0\u00a0 \u00a0\u00a0\u00a0 \u00a0kriegsbegeisterter K\u00f6pfe Totenk\u00f6pfe wurden.<\/p>\n<p>Klar ist, dass niemand das Ausma\u00df und die Grausamkeit dieses ersten modernen Massenvernichtungskampfes vorhersehen konnte, die endlosen Grabenk\u00e4mpfe, den Giftgashorror, die Wucht der Bomben. 70 Millionen Menschen aus 40 Staaten standen damals unter Waffen.<br \/>\nAm Ende verloren rund 17 Millionen ihr Leben.<br \/>\nEuropa war traumatisiert.<br \/>\nDie Monarchien hatten ausgedient, aber das war damals schon erwartbar, und Joseph Roth fasste 1913 nur literarisch in Worte, was so viele dachten:<br \/>\ndie Monarchie zerf\u00e4llt bei lebendigen Leibe.<br \/>\nSie zerf\u00e4llt, sie ist schon zerfallen!<\/p>\n<p>Ein Greis, dem Tode geweiht, von jedem Schnupfen gef\u00e4hrdet, h\u00e4lt den alten Thron, \u00a0\u00a0 \u00a0\u00a0\u00a0 \u00a0einfach durch das Wunder, dass er auf ihm noch sitzen kann\u2026<\/p>\n<p>Vielen Dank!<\/p>\n","protected":false},"excerpt":{"rendered":"<p>Anl\u00e4sslich der Er\u00f6ffnung der Ausstellung &#8222;Schwarz-Wei\u00df 1915-1918&#8220; lud der B\u00fcrgermeister Dr. Hans Lintner zum Empfang&#8230;<\/p>\n","protected":false},"author":1,"featured_media":306,"comment_status":"open","ping_status":"open","sticky":false,"template":"","format":"standard","meta":{"footnotes":""},"categories":[1],"tags":[],"class_list":["post-302","post","type-post","status-publish","format-standard","has-post-thumbnail","hentry","category-allgemein"],"_links":{"self":[{"href":"https:\/\/ms-lahnbach.at\/blog\/index.php?rest_route=\/wp\/v2\/posts\/302","targetHints":{"allow":["GET"]}}],"collection":[{"href":"https:\/\/ms-lahnbach.at\/blog\/index.php?rest_route=\/wp\/v2\/posts"}],"about":[{"href":"https:\/\/ms-lahnbach.at\/blog\/index.php?rest_route=\/wp\/v2\/types\/post"}],"author":[{"embeddable":true,"href":"https:\/\/ms-lahnbach.at\/blog\/index.php?rest_route=\/wp\/v2\/users\/1"}],"replies":[{"embeddable":true,"href":"https:\/\/ms-lahnbach.at\/blog\/index.php?rest_route=%2Fwp%2Fv2%2Fcomments&post=302"}],"version-history":[{"count":1,"href":"https:\/\/ms-lahnbach.at\/blog\/index.php?rest_route=\/wp\/v2\/posts\/302\/revisions"}],"predecessor-version":[{"id":312,"href":"https:\/\/ms-lahnbach.at\/blog\/index.php?rest_route=\/wp\/v2\/posts\/302\/revisions\/312"}],"wp:featuredmedia":[{"embeddable":true,"href":"https:\/\/ms-lahnbach.at\/blog\/index.php?rest_route=\/wp\/v2\/media\/306"}],"wp:attachment":[{"href":"https:\/\/ms-lahnbach.at\/blog\/index.php?rest_route=%2Fwp%2Fv2%2Fmedia&parent=302"}],"wp:term":[{"taxonomy":"category","embeddable":true,"href":"https:\/\/ms-lahnbach.at\/blog\/index.php?rest_route=%2Fwp%2Fv2%2Fcategories&post=302"},{"taxonomy":"post_tag","embeddable":true,"href":"https:\/\/ms-lahnbach.at\/blog\/index.php?rest_route=%2Fwp%2Fv2%2Ftags&post=302"}],"curies":[{"name":"wp","href":"https:\/\/api.w.org\/{rel}","templated":true}]}}